{"id":11188,"date":"2018-12-08T15:11:49","date_gmt":"2018-12-08T14:11:49","guid":{"rendered":"https:\/\/mini-bob.com\/mini-bob-felicite-frederik-eiter-et-zipflracer-pour-leur-nouveau-record-du-monde\/"},"modified":"2018-12-08T15:11:49","modified_gmt":"2018-12-08T14:11:49","slug":"mini-bob-felicite-frederik-eiter-et-zipflracer-pour-leur-nouveau-record-du-monde","status":"publish","type":"post","link":"https:\/\/mini-bob.com\/fr\/mini-bob-felicite-frederik-eiter-et-zipflracer-pour-leur-nouveau-record-du-monde\/","title":{"rendered":"mini bob f\u00e9licite Frederik Eiter et Zipflracer pour leur nouveau record du monde !"},"content":{"rendered":"<p>Le 11 avril 2009, le temps \u00e9tait venu - le record du monde de vitesse Zipflbob existant, qui existait jusqu&rsquo;alors avec le mini bob original, \u00e9tait \u00e9tabli par Frederik Eiter de Pitztal sur un \u00ab\u00a0Zipflracer\u00a0\u00bb. Avec une vitesse incroyable de 157,34 km\/h (contre 139 km\/h sur le mini bob original), le Pitztaler a maintenant r\u00e9ussi \u00e0 faire son entr\u00e9e dans le Livre Guinness des records sur son Zipflracer.<\/p>\n<p>Le 15 octobre 2009, le champion olympique Wolfgang Linger a remis le certificat officiel Guinness World Records au Zipflracer Frederik Eiter.<\/p>\n<p>La tentative de record du monde s&rsquo;est d\u00e9roul\u00e9e dans le cadre d&rsquo;une \u00e9preuve organis\u00e9e par le fabricant Zipflracer selon les r\u00e8glements officiels du Livre Guinness des records. Les Zipflbobs, qui devaient \u00eatre utilis\u00e9s uniform\u00e9ment par la soci\u00e9t\u00e9 \u00ab\u00a0Zipflracer\u00a0\u00bb, ne pouvaient pas \u00eatre modifi\u00e9s ou optimis\u00e9s sur le plan structurel.<\/p>\n<p>L&rsquo;\u00e9quipe de mini bob f\u00e9licite en tant que fabricant et inventeur du Zipflbob (mini bob) original le fabricant Zipflracer, qui a con\u00e7u son produit sur la base du mini bob original, au record du monde r\u00e9ussi !<\/p>\n<p>Nous attendons avec impatience d&rsquo;autres tentatives d&rsquo;enregistrement et souhaitons \u00e0 tous les Zipflbobbern beaucoup de succ\u00e8s et de plaisir.<\/p>\n<p>Si vous souhaitez essayer un nouveau disque, nous serons heureux de vous soutenir ! N&rsquo;h\u00e9sitez pas \u00e0 nous contacter !<\/p>\n<p>Traduit avec www.DeepL.com\/Translator<\/p>\n","protected":false},"excerpt":{"rendered":"<p>Le 11 avril 2009, le temps \u00e9tait venu - le record du monde de vitesse Zipflbob existant, qui existait jusqu&rsquo;alors avec le mini bob original, \u00e9tait \u00e9tabli par Frederik Eiter de Pitztal sur un \u00ab\u00a0Zipflracer\u00a0\u00bb. Avec une vitesse incroyable de 157,34 km\/h (contre 139 km\/h sur le mini bob original), le Pitztaler a maintenant r\u00e9ussi&hellip;<\/p>\n","protected":false},"author":1,"featured_media":0,"comment_status":"open","ping_status":"closed","sticky":false,"template":"","format":"standard","meta":{"_acf_changed":false,"footnotes":""},"categories":[339],"tags":[],"class_list":["post-11188","post","type-post","status-publish","format-standard","hentry","category-record-mondial","category-339","description-off"],"acf":[],"_links":{"self":[{"href":"https:\/\/mini-bob.com\/fr\/wp-json\/wp\/v2\/posts\/11188","targetHints":{"allow":["GET"]}}],"collection":[{"href":"https:\/\/mini-bob.com\/fr\/wp-json\/wp\/v2\/posts"}],"about":[{"href":"https:\/\/mini-bob.com\/fr\/wp-json\/wp\/v2\/types\/post"}],"author":[{"embeddable":true,"href":"https:\/\/mini-bob.com\/fr\/wp-json\/wp\/v2\/users\/1"}],"replies":[{"embeddable":true,"href":"https:\/\/mini-bob.com\/fr\/wp-json\/wp\/v2\/comments?post=11188"}],"version-history":[{"count":0,"href":"https:\/\/mini-bob.com\/fr\/wp-json\/wp\/v2\/posts\/11188\/revisions"}],"wp:attachment":[{"href":"https:\/\/mini-bob.com\/fr\/wp-json\/wp\/v2\/media?parent=11188"}],"wp:term":[{"taxonomy":"category","embeddable":true,"href":"https:\/\/mini-bob.com\/fr\/wp-json\/wp\/v2\/categories?post=11188"},{"taxonomy":"post_tag","embeddable":true,"href":"https:\/\/mini-bob.com\/fr\/wp-json\/wp\/v2\/tags?post=11188"}],"curies":[{"name":"wp","href":"https:\/\/api.w.org\/{rel}","templated":true}]}}