{"id":11198,"date":"2018-12-08T15:16:55","date_gmt":"2018-12-08T14:16:55","guid":{"rendered":"https:\/\/mini-bob.com\/red-bull-king-of-bob\/"},"modified":"2025-11-22T18:53:52","modified_gmt":"2025-11-22T17:53:52","slug":"red-bull-king-of-bob","status":"publish","type":"post","link":"https:\/\/mini-bob.com\/fr\/red-bull-king-of-bob\/","title":{"rendered":"Red Bull roi du bob"},"content":{"rendered":"<p>invit\u00e9 en For\u00eat-Noire<\/p>\n<p>Le 25 f\u00e9vrier 2011, le moment \u00e9tait venu. Red Bull a mis le feu \u00e0 la paisible station de ski de Feldberg et a cr\u00e9\u00e9 un \u00e9v\u00e9nement de sports d&rsquo;hiver inoubliable. <\/p>\n<p>Il s&rsquo;agissait de d\u00e9terminer le \u00ab\u00a0King of Bob 2011\u00a0\u00bb sur le Feldberg.<\/p>\n<p>D\u00e8s le d\u00e9but de l&rsquo;apr\u00e8s-midi, le Hummer transform\u00e9 en pupitre de DJ itin\u00e9rant avec syst\u00e8me de sonorisation a \u00e9t\u00e9 mis en place et le DJ a sonoris\u00e9 la station aval. De nombreux pilotes et touristes \u00e9taient d\u00e9j\u00e0 sur place et faisaient la f\u00eate autour d&rsquo;un Hot Red Bull ou dans le bar parapluie Red Bull. <\/p>\n<p>La piste a \u00e9t\u00e9 pr\u00e9par\u00e9e la veille par l&rsquo;Ammertaler Zipflbobverein, en collaboration avec l&rsquo;\u00e9quipe de Red Bull et les Bergbahnen Feldberg.<br \/>\nheures de neige ont \u00e9t\u00e9 n\u00e9cessaires pour cr\u00e9er les virages relev\u00e9s et les chicanes. Par des temp\u00e9ratures positives et en l&rsquo;absence d&rsquo;enneigement artificiel, il s&rsquo;agit d&rsquo;une v\u00e9ritable performance ! <\/p>\n<p>De nombreux fans de mini bob venus de toute l&rsquo;Allemagne, d&rsquo;Autriche, des Pays-Bas et m\u00eame du P\u00e9rou voulaient participer \u00e0 la course. Le nombre de participants internationaux \u00e9tait cependant limit\u00e9 \u00e0 85. Le mot d&rsquo;ordre \u00e9tait donc \u00ab\u00a0premier arriv\u00e9, premier servi\u00a0\u00bb.  <\/p>\n<p>Quatre coureurs se sont affront\u00e9s dans un syst\u00e8me d&rsquo;\u00e9limination directe, seuls les deux coureurs les plus rapides \u00e9tant qualifi\u00e9s pour le tour suivant.<\/p>\n<p>Dans des courses passionnantes et parfois tr\u00e8s serr\u00e9es, m\u00eame des professionnels du zipflbob ont \u00e9t\u00e9 \u00e9limin\u00e9s par des amateurs et des nouveaux venus - un \u00e9v\u00e9nement o\u00f9 l&rsquo;\u00e9galit\u00e9 des chances \u00e9tait donc totale.<\/p>\n<p>Il n&rsquo;y avait pas de cat\u00e9gories s\u00e9par\u00e9es, les filles et les gar\u00e7ons s&rsquo;affrontaient directement. La meilleure fille, Sonja Reichenegger d&rsquo;Innsbruck, a \u00e9t\u00e9 \u00e9limin\u00e9e de justesse en quart de finale. <\/p>\n<p>Joachim Kuner, de Fribourg, a prouv\u00e9 que le zipflbob n&rsquo;est pas r\u00e9serv\u00e9 aux \u00ab\u00a0jeunes pousses\u00a0\u00bb : \u00e0 46 ans, il \u00e9tait le plus \u00e2g\u00e9 des participants.<\/p>\n<p>Apr\u00e8s presque 2 heures et 6 manches, le moment \u00e9tait venu. Les 4 meilleurs zipflbobistes des manches pr\u00e9c\u00e9dentes se sont affront\u00e9s en finale avec leurs luges en plastique. <\/p>\n<p>La finale a r\u00e9uni Michael Aumer, Andreas Rehle, Stefan Aumer et Thomas Strasser.<br \/>\nLes spectateurs pr\u00e9sents \u00e0 l&rsquo;arriv\u00e9e ont r\u00e9p\u00e9t\u00e9 assid\u00fbment la vague de La Ola et ont vibr\u00e9 avec eux. Le pr\u00e9sentateur de Red Bull et Stefan Vogt, du club de zipflbob d&rsquo;Ammertal, ont comment\u00e9 ces minutes de suspense. <\/p>\n<p>Puis le moment est enfin venu. La direction de course a donn\u00e9 le feu vert pour la finale et les quatre finalistes se sont catapult\u00e9s hors de la rampe de lancement. <\/p>\n<p>Dans les derniers m\u00e8tres, Michael Aumer de Sandsbach, de l&rsquo;association Zipflbob d&rsquo;Oberglaim, a remport\u00e9 la course et le titre de \u00ab\u00a0King of Bob 2011\u00a0\u00bb.<br \/>\nTous les finalistes ont \u00e9t\u00e9 accueillis \u00e0 l&rsquo;arriv\u00e9e par de grands cris et une vague de La Ola.<\/p>\n<p>Les vainqueurs ont \u00e9t\u00e9 d\u00e9sign\u00e9s.<\/p>\n<p>Dans le classement des groupes<br \/>\n1. Zipflbobverein Oberglaim<br \/>\n2. Zipflracer de l&rsquo;Allg\u00e4u<br \/>\n3. Tecstage<br \/>\n4. Porno Bulls<\/p>\n<p>Dans le classement individuel<br \/>\n1. Aumer Michael - 21 ans - de Sandsbach - Zipflbobverein Oberglaim<br \/>\n2. Rehle Andreas - 23 ans - d&rsquo;Immenstadt - Allg\u00e4uer Zipflbracer<br \/>\n3. Aumer Stefan - 18 ans - de Sandsbach - Zipflbobverein Oberglaim<br \/>\n4. Strasser Thomas - 34 ans - d&rsquo;Innsbruck (Autriche)<\/p>\n<p><a href=\"https:\/\/mini-bob.com\/wp-content\/uploads\/2015\/07\/Sektdusche-1024x660.jpg\"><img loading=\"lazy\" decoding=\"async\" class=\"aligncenter wp-image-1932 size-large\" src=\"https:\/\/mini-bob.com\/wp-content\/uploads\/2015\/07\/Sektdusche-1024x660.jpg\" alt=\"Douche au champagne\" width=\"940\" height=\"606\" srcset=\"https:\/\/mini-bob.com\/wp-content\/uploads\/2015\/07\/Sektdusche.jpg 1024w, https:\/\/mini-bob.com\/wp-content\/uploads\/2015\/07\/Sektdusche-600x387.jpg 600w, https:\/\/mini-bob.com\/wp-content\/uploads\/2015\/07\/Sektdusche-300x193.jpg 300w, https:\/\/mini-bob.com\/wp-content\/uploads\/2015\/07\/Sektdusche-24x15.jpg 24w, https:\/\/mini-bob.com\/wp-content\/uploads\/2015\/07\/Sektdusche-36x23.jpg 36w, https:\/\/mini-bob.com\/wp-content\/uploads\/2015\/07\/Sektdusche-48x31.jpg 48w\" sizes=\"auto, (max-width: 940px) 100vw, 940px\" \/><\/a><\/p>\n<p>Les vainqueurs ont \u00e9t\u00e9 f\u00eat\u00e9s comme il se doit. Ils ont re\u00e7u le d\u00e9sormais l\u00e9gendaire mini bob en or, argent et bronze, ainsi que de nombreux autres prix g\u00e9n\u00e9reusement offerts par les sponsors Red Bull et Alpina. Les finalistes ont par exemple re\u00e7u des casques de ski, des lunettes de soleil et des masques de ski.  <\/p>\n<p>Les vainqueurs du classement de groupe ont \u00e9galement remport\u00e9 un week-end DTM pour 4 personnes au Hockenheimring. Le vainqueur du classement individuel, Micheal Aumer, a re\u00e7u 2 billets pour l&rsquo;\u00e9v\u00e9nement de Formule 1 au N\u00fcrburgring. <\/p>\n<p>Un grand merci \u00e0 tous les organisateurs, sponsors et b\u00e9n\u00e9voles assidus qui ont rendu cet \u00e9v\u00e9nement possible.<\/p>\n<p>Vous avez fait du bon travail !<\/p>\n","protected":false},"excerpt":{"rendered":"<p>invit\u00e9 en For\u00eat-Noire Le 25 f\u00e9vrier 2011, le moment \u00e9tait venu. Red Bull a mis le feu \u00e0 la paisible station de ski de Feldberg et a cr\u00e9\u00e9 un \u00e9v\u00e9nement de sports d&rsquo;hiver inoubliable. Il s&rsquo;agissait de d\u00e9terminer le \u00ab\u00a0King of Bob 2011\u00a0\u00bb sur le Feldberg. D\u00e8s le d\u00e9but de l&rsquo;apr\u00e8s-midi, le Hummer transform\u00e9 en&hellip;<\/p>\n","protected":false},"author":1,"featured_media":11201,"comment_status":"open","ping_status":"closed","sticky":false,"template":"","format":"standard","meta":{"_acf_changed":false,"footnotes":""},"categories":[337],"tags":[],"class_list":["post-11198","post","type-post","status-publish","format-standard","has-post-thumbnail","hentry","category-zipfelbobrennen-fr","category-337","description-off"],"acf":[],"_links":{"self":[{"href":"https:\/\/mini-bob.com\/fr\/wp-json\/wp\/v2\/posts\/11198","targetHints":{"allow":["GET"]}}],"collection":[{"href":"https:\/\/mini-bob.com\/fr\/wp-json\/wp\/v2\/posts"}],"about":[{"href":"https:\/\/mini-bob.com\/fr\/wp-json\/wp\/v2\/types\/post"}],"author":[{"embeddable":true,"href":"https:\/\/mini-bob.com\/fr\/wp-json\/wp\/v2\/users\/1"}],"replies":[{"embeddable":true,"href":"https:\/\/mini-bob.com\/fr\/wp-json\/wp\/v2\/comments?post=11198"}],"version-history":[{"count":1,"href":"https:\/\/mini-bob.com\/fr\/wp-json\/wp\/v2\/posts\/11198\/revisions"}],"predecessor-version":[{"id":156794,"href":"https:\/\/mini-bob.com\/fr\/wp-json\/wp\/v2\/posts\/11198\/revisions\/156794"}],"wp:featuredmedia":[{"embeddable":true,"href":"https:\/\/mini-bob.com\/fr\/wp-json\/wp\/v2\/media\/11201"}],"wp:attachment":[{"href":"https:\/\/mini-bob.com\/fr\/wp-json\/wp\/v2\/media?parent=11198"}],"wp:term":[{"taxonomy":"category","embeddable":true,"href":"https:\/\/mini-bob.com\/fr\/wp-json\/wp\/v2\/categories?post=11198"},{"taxonomy":"post_tag","embeddable":true,"href":"https:\/\/mini-bob.com\/fr\/wp-json\/wp\/v2\/tags?post=11198"}],"curies":[{"name":"wp","href":"https:\/\/api.w.org\/{rel}","templated":true}]}}