{"id":157453,"date":"2025-11-22T20:05:36","date_gmt":"2025-11-22T19:05:36","guid":{"rendered":"https:\/\/mini-bob.com\/la-course-de-luges-a-cornes-2016-de-garmisch-partenkirchen-aura-lieu-malgre-labsence-de-neige\/"},"modified":"2025-11-22T20:05:37","modified_gmt":"2025-11-22T19:05:37","slug":"la-course-de-luges-a-cornes-2016-de-garmisch-partenkirchen-aura-lieu-malgre-labsence-de-neige","status":"publish","type":"post","link":"https:\/\/mini-bob.com\/fr\/la-course-de-luges-a-cornes-2016-de-garmisch-partenkirchen-aura-lieu-malgre-labsence-de-neige\/","title":{"rendered":"La course de luges \u00e0 cornes 2016 de Garmisch-Partenkirchen aura lieu malgr\u00e9 l&rsquo;absence de neige !"},"content":{"rendered":"<p>Malgr\u00e9 le manque de neige et les temp\u00e9ratures chaudes, la traditionnelle course de luges \u00e0 cornes aura lieu cette ann\u00e9e encore \u00e0 Garmisch-Partenkirchen.<\/p>\n<p>Peter Strodl et ses assistants veillent depuis lundi \u00e0 ce qu&rsquo;il y ait suffisamment de neige sur la piste de descente. La neige n\u00e9cessaire est \u00ab\u00a0gratt\u00e9e\u00a0\u00bb dans tout Garmisch-Partenkirchen. M\u00eame la patinoire et le stade de ski fournissent la neige n\u00e9cessaire \u00e0 cet \u00e9v\u00e9nement tr\u00e8s appr\u00e9ci\u00e9 dans toute la r\u00e9gion. Les invit\u00e9s et les participants viennent de toute l&rsquo;Allemagne, parfois m\u00eame de l&rsquo;\u00e9tranger, pour cette course traditionnelle annuelle.   <\/p>\n<p>\u00ab\u00a0Notre \u00e9v\u00e9nement n&rsquo;a jamais \u00e9t\u00e9 annul\u00e9\u00a0\u00bb dit Strodl et il devrait en \u00eatre de m\u00eame en 2016.<\/p>\n<p>Pendant les pauses entre les courses, la c\u00e9l\u00e8bre course de bobsleigh est ouverte \u00e0 tous dans la salle d&rsquo;arriv\u00e9e. Jeunes ou moins jeunes, tout le monde peut participer \u00e0 la course de bobsleigh et montrer ses talents. <\/p>\n<p>La remise des prix pour les trois plus rapides aura lieu \u00e0 16 heures et la c\u00e9r\u00e9monie officielle de remise des prix avec bal aura lieu \u00e0 19 heures dans la Bayernhalle. La soir\u00e9e sera accompagn\u00e9e musicalement par le groupe \u00ab\u00a0Dreisam\u00a0\u00bb. <\/p>\n<p>Les personnes qui souhaitent participer \u00e0 l&rsquo;\u00e9v\u00e9nement en tant que spectateur ou en tant que skieur de bobsleigh peuvent se rendre \u00e0 la \u00ab\u00a0Wildenauerstr\u00a0\u00bb \u00e0 Garmisch-Partenkirchen. Il y a de nombreuses possibilit\u00e9s de parking au Olympia Skistadion (tremplin de saut \u00e0 ski). <\/p>\n<p><iframe loading=\"lazy\" style=\"border: 0;\" src=\"https:\/\/www.google.com\/maps\/embed?pb=!1m18!1m12!1m3!1d3758.4539807447245!2d11.111555633371346!3d47.47886684367253!2m3!1f0!2f0!3f0!3m2!1i1024!2i768!4f13.1!3m3!1m2!1s0x479d068d97b6cbb5%3A0x35a0c674e10b6a5!2sWildenauer+Str.%2C+82467+Garmisch-Partenkirchen!5e1!3m2!1sde!2sde!4v1451907359391\" width=\"600\" height=\"450\" frameborder=\"0\" allowfullscreen=\"allowfullscreen\"><\/iframe><\/p>\n<p>Vous trouverez \u00e9galement des informations d\u00e9taill\u00e9es sur \u00ab\u00a0merkur online\u00a0\u00bb :<\/p>\n<p><a href=\"https:\/\/www.merkur.de\/lokales\/garmisch-partenkirchen\/landkreis\/wir-schaffen-das-6004406.html\" target=\"_blank\" rel=\"nofollow noopener\">https:\/\/www.merkur.de\/lokales\/garmisch-partenkirchen\/landkreis\/wir-schaffen-das-6004406.html<\/a><\/p>\n<p>&nbsp;<\/p>\n","protected":false},"excerpt":{"rendered":"<p>Malgr\u00e9 le manque de neige et les temp\u00e9ratures chaudes, la traditionnelle course de luges \u00e0 cornes aura lieu cette ann\u00e9e encore \u00e0 Garmisch-Partenkirchen. Peter Strodl et ses assistants veillent depuis lundi \u00e0 ce qu&rsquo;il y ait suffisamment de neige sur la piste de descente. La neige n\u00e9cessaire est \u00ab\u00a0gratt\u00e9e\u00a0\u00bb dans tout Garmisch-Partenkirchen. M\u00eame la patinoire&hellip;<\/p>\n","protected":false},"author":1,"featured_media":144686,"comment_status":"open","ping_status":"closed","sticky":false,"template":"","format":"image","meta":{"_acf_changed":false,"footnotes":""},"categories":[340,337],"tags":[],"class_list":["post-157453","post","type-post","status-publish","format-image","has-post-thumbnail","hentry","category-articles-de-presse","category-zipfelbobrennen-fr","post_format-post-format-image","category-340","category-337","description-off"],"acf":[],"_links":{"self":[{"href":"https:\/\/mini-bob.com\/fr\/wp-json\/wp\/v2\/posts\/157453","targetHints":{"allow":["GET"]}}],"collection":[{"href":"https:\/\/mini-bob.com\/fr\/wp-json\/wp\/v2\/posts"}],"about":[{"href":"https:\/\/mini-bob.com\/fr\/wp-json\/wp\/v2\/types\/post"}],"author":[{"embeddable":true,"href":"https:\/\/mini-bob.com\/fr\/wp-json\/wp\/v2\/users\/1"}],"replies":[{"embeddable":true,"href":"https:\/\/mini-bob.com\/fr\/wp-json\/wp\/v2\/comments?post=157453"}],"version-history":[{"count":1,"href":"https:\/\/mini-bob.com\/fr\/wp-json\/wp\/v2\/posts\/157453\/revisions"}],"predecessor-version":[{"id":157454,"href":"https:\/\/mini-bob.com\/fr\/wp-json\/wp\/v2\/posts\/157453\/revisions\/157454"}],"wp:featuredmedia":[{"embeddable":true,"href":"https:\/\/mini-bob.com\/fr\/wp-json\/wp\/v2\/media\/144686"}],"wp:attachment":[{"href":"https:\/\/mini-bob.com\/fr\/wp-json\/wp\/v2\/media?parent=157453"}],"wp:term":[{"taxonomy":"category","embeddable":true,"href":"https:\/\/mini-bob.com\/fr\/wp-json\/wp\/v2\/categories?post=157453"},{"taxonomy":"post_tag","embeddable":true,"href":"https:\/\/mini-bob.com\/fr\/wp-json\/wp\/v2\/tags?post=157453"}],"curies":[{"name":"wp","href":"https:\/\/api.w.org\/{rel}","templated":true}]}}